{"id":1596,"date":"2023-02-20T21:41:49","date_gmt":"2023-02-20T21:41:49","guid":{"rendered":"https:\/\/artagaveytia.com\/web\/?p=1596"},"modified":"2023-02-21T18:00:44","modified_gmt":"2023-02-21T18:00:44","slug":"las-razones-del-toro","status":"publish","type":"post","link":"http:\/\/artagaveytia.com\/web\/las-razones-del-toro\/","title":{"rendered":"Las razones del toro"},"content":{"rendered":"\n<p>Daremos como de costumbre un rodeo para enmarcar &#8220;Las razones del toro&#8221; encaminando primero nuestros pasos a una carnicer\u00eda de la ciudad de Mercedes a las orillas del R\u00edo Negro, para luego viajar hacia el sur en direcci\u00f3n de Ismael Cortinas, una villa en el l\u00edmite departamental entre Flores y San Jos\u00e9 en Uruguay, aprendiendo acerca de algunos h\u00e1bitos de los pobladores del lugar.<\/p>\n\n\n\n<p>Luego ser\u00e1 momento de acompa\u00f1ar a Vlad\u00edmir Ars\u00e9niev en una de sus expediciones en la taiga siberiana pr\u00f3ximas al R\u00edo Usuri a comienzos del siglo pasado de tal manera de describir brevemente el encuentro con un cazador n\u00f3made de la etnia hezhen.<\/p>\n\n\n\n<p>Con ese equipaje en nuestra carpeta de mapas, nos apresuraremos a llegar puntualmente a la consulta con Pedro a ver si podemos dar una mano en la b\u00fasqueda de una soluci\u00f3n a su problem\u00e1tica.<\/p>\n\n\n\n<div class=\"wp-block-essential-blocks-table-of-contents\"><div class=\"eb-parent-wrapper eb-parent-eb-toc-ajrxrxy \"><div class=\"eb-toc-ajrxrxy eb-toc-container eb-toc-not-collapsible eb-toc-initially-not-collapsed eb-toc-is-not-sticky eb-toc-not-scrollToTop    \" data-scroll-top=\"false\" data-collapsible=\"false\" data-hide-mobile=\"false\" data-sticky=\"false\"><div class=\"eb-toc-header\"><div class=\"eb-toc-title\">Tabla de Contenido<\/div><\/div><div class=\"eb-toc-wrapper   \" data-headers=\"[{&quot;level&quot;:3,&quot;content&quot;:&quot;La carnicer\u00eda del pueblo&quot;,&quot;text&quot;:&quot;La carnicer\u00eda del pueblo&quot;,&quot;link&quot;:&quot;la-carnicer\u00eda-del-pueblo&quot;},{&quot;level&quot;:3,&quot;content&quot;:&quot;El bar sobre la ruta&quot;,&quot;text&quot;:&quot;El bar sobre la ruta&quot;,&quot;link&quot;:&quot;el-bar-sobre-la-ruta&quot;},{&quot;level&quot;:3,&quot;content&quot;:&quot;La expedici\u00f3n y su gu\u00eda&quot;,&quot;text&quot;:&quot;La expedici\u00f3n y su gu\u00eda&quot;,&quot;link&quot;:&quot;la-expedici\u00f3n-y-su-gu\u00eda&quot;},{&quot;level&quot;:3,&quot;content&quot;:&quot;Un tambero atribulado&quot;,&quot;text&quot;:&quot;Un tambero atribulado&quot;,&quot;link&quot;:&quot;un-tambero-atribulado&quot;},{&quot;level&quot;:3,&quot;content&quot;:&quot;Las razones del toro&quot;,&quot;text&quot;:&quot;Las razones del toro&quot;,&quot;link&quot;:&quot;las-razones-del-toro&quot;}]\" data-visible=\"[true,true,true,true,true,true]\" data-smooth=\"true\"><div class=\"eb-toc__list-wrap\"><ul class=\"eb-toc__list\"><li style=\"padding-bottom:10px\"><a href=\"#la-carnicer\u00eda-del-pueblo\">La carnicer\u00eda del pueblo<\/a><\/li><li style=\"padding-top:10px;padding-bottom:10px\"><a href=\"#el-bar-sobre-la-ruta\">El bar sobre la ruta<\/a><\/li><li style=\"padding-top:10px;padding-bottom:10px\"><a href=\"#la-expedici\u00f3n-y-su-gu\u00eda\">La expedici\u00f3n y su gu\u00eda<\/a><\/li><li style=\"padding-top:10px;padding-bottom:10px\"><a href=\"#un-tambero-atribulado\">Un tambero atribulado<\/a><\/li><li style=\"padding-top:10px;padding-bottom:10px\"><a href=\"#las-razones-del-toro\">Las razones del toro<\/a><\/li><\/ul><\/div><\/div><\/div><\/div><\/div>\n\n\n\n<h3 class=\"wp-block-heading\">La carnicer\u00eda del pueblo<\/h3>\n\n\n\n<p>Una de las particularidades de estos establecimientos respecto de las actuales superficies comerciales, es que guardan una relaci\u00f3n m\u00e1s cercana con la cadena de distribuci\u00f3n de la carne vacuna.<\/p>\n\n\n\n<figure class=\"wp-block-image size-full is-resized\"><img loading=\"lazy\" decoding=\"async\" src=\"https:\/\/artagaveytia.com\/web\/wp-content\/uploads\/2023\/02\/carniceriaantigua12.png\" alt=\"\" class=\"wp-image-1607\" width=\"461\" height=\"401\"\/><\/figure>\n\n\n\n<p>El caso que me interesa describir es un peque\u00f1o comercio cercano a la rambla de la ciudad de Mercedes, capital del departamento de Soriano en Uruguay, debido a que su propietario personalmente atiende a la clientela. A falta de algunos elementos de higiene que horrorizar\u00edan en la actualidad, nuestro carnicero con su oficio, compra la res en mitades y cuando alguien le pide alg\u00fan corte espec\u00edfico, lo realiza en el momento.<\/p>\n\n\n\n<p>Entonces uno est\u00e1, digamos; m\u00e1s cerca del asunto &#8220;en vivo&#8221; y no con el corte ya procesado, etiquetado, envasado al vac\u00edo con todas las respectivas marcas comerciales.<\/p>\n\n\n\n<p>En ese establecimiento que lleva la cl\u00e1sica puerta mosquitero en el acceso; repas\u00e9 una y otra vez mientras estuve de paso en esa ciudad, los cortes y su identificaci\u00f3n, as\u00ed como su uso en la cocina. A prop\u00f3sito, le recomiendo que vaya el jueves que es cuando llega el abasto.<\/p>\n\n\n\n<p>Mi carnicero hac\u00eda una mueca si por ejemplo yo le ped\u00eda un pulp\u00f3n con el bicho colgado en el gancho a la vista, como dici\u00e9ndome: &#8220;Este pulp\u00f3n no es tierno; \u00bfno se da cuenta por la trama?&#8221;, para terminar vendi\u00e9ndome lo que \u00e9l consideraba que yo ten\u00eda que poner en la parrilla, con una tasa de acierto del 100%, faltaba m\u00e1s.<\/p>\n\n\n\n<p>Es el oficio del que sabe del asunto y est\u00e1 todo el d\u00eda en ello.<\/p>\n\n\n\n<h3 class=\"wp-block-heading\">El bar sobre la ruta<\/h3>\n\n\n\n<p>Una centena de kil\u00f3metros con direcci\u00f3n sureste de Mercedes, se encuentra la villa Ismael Cortinas que debe su nombre a uno de sus ilustres hijos qui\u00e9n fuera senador de la Rep\u00fablica hace un siglo m\u00e1s o menos.<\/p>\n\n\n\n<figure class=\"wp-block-image size-large\"><img loading=\"lazy\" decoding=\"async\" width=\"1024\" height=\"250\" src=\"https:\/\/artagaveytia.com\/web\/wp-content\/uploads\/2023\/02\/ic-1024x250.png\" alt=\"\" class=\"wp-image-1608\" srcset=\"http:\/\/artagaveytia.com\/web\/wp-content\/uploads\/2023\/02\/ic-1024x250.png 1024w, http:\/\/artagaveytia.com\/web\/wp-content\/uploads\/2023\/02\/ic-300x73.png 300w, http:\/\/artagaveytia.com\/web\/wp-content\/uploads\/2023\/02\/ic-768x188.png 768w, http:\/\/artagaveytia.com\/web\/wp-content\/uploads\/2023\/02\/ic.png 1288w\" sizes=\"(max-width: 1024px) 100vw, 1024px\" \/><\/figure>\n\n\n\n<p>Peque\u00f1os productores agr\u00edcolas, tamberos y unas cuantas hect\u00e1reas de eucaliptus constituyen la actividad central de los pobladores del lugar.<\/p>\n\n\n\n<p>Por sus rutinas, el pueblo se transforma en una &#8220;villa fantasma&#8221; sobre las tres de la tarde, puesto que la siesta es una actividad obligatoria.<\/p>\n\n\n\n<p>Si uno pasa m\u00e1s tarde, digamos luego de las cinco, sobre la ruta hay un bar en donde los parroquianos juegan a la baraja en una mesa, deteniendo cada mano del juego cuando pasa un veh\u00edculo, al que saludan puntualmente.<\/p>\n\n\n\n<p>Siempre que pude, par\u00e9 un rato para comprar algo para comer o tomar mientras segu\u00eda mi viaje, porque no me quer\u00eda perder la experiencia fascinante del ambiente.<\/p>\n\n\n\n<p>Al acercarme a la mesa que estaba afuera en la entrada bajo el zagu\u00e1n y luego del saludo de orden, se repet\u00eda una conversaci\u00f3n acerca de un tema cualquiera: La seca de setiembre, el cambio de turno del cami\u00f3n de la empresa lechera en levantar los tarros o cualquier otro asunto que mereciera la atenci\u00f3n frente a la rutina.<\/p>\n\n\n\n<p>Muchos de ellos pasaban alegremente las siete d\u00e9cadas (\u00bfo tal vez m\u00e1s?) y por su aspecto denotaban un estado de salud como si el tiempo se hubiese empecinado en conservar sus cuerpos en el mejor momento.<\/p>\n\n\n\n<p>Estoy seguro que si ah\u00ed mismo tuviesen que hacerse un examen de salud, sus valencias ser\u00edan asombrosas respecto de nuestros atribulados habitantes de cualquier ciudad &#8220;avanzada&#8221; sometidos al stress de la vida actual.  <\/p>\n\n\n\n<p>As\u00ed entonces, este habitante pasa su vida &#8220;en c\u00e1mara lenta&#8221; respecto de nuestra velocidad impregnada por deseos y necesidades que muchas veces nos  imponemos puesto que &#8220;las cosas son como son&#8221;.<\/p>\n\n\n\n<h3 class=\"wp-block-heading\">La expedici\u00f3n y su gu\u00eda<\/h3>\n\n\n\n<p>Las memorias escritas en 1923 por el explorador&nbsp;<a href=\"https:\/\/es.wikipedia.org\/wiki\/Vlad%C3%ADmir_Ars%C3%A9niev\" target=\"_blank\" rel=\"noopener\">Vlad\u00edmir Ars\u00e9niev<\/a>, acerca de su encuentro y experiencia con un gu\u00eda de monta\u00f1a, le permitieron al c\u00e9lebre director <a href=\"https:\/\/es.wikipedia.org\/wiki\/Akira_Kurosawa\" target=\"_blank\" rel=\"noreferrer noopener\">Akira Kurosawa<\/a> en 1975, realizar su primera pel\u00edcula fuera de Jap\u00f3n.<\/p>\n\n\n\n<p>Esta magn\u00edfica obra que le recomiendo fervorosamente, lleva el nombre del gu\u00eda &#8220;<a href=\"https:\/\/es.wikipedia.org\/wiki\/Dersu_Uzala_(pel%C3%ADcula_de_1975)\" target=\"_blank\" rel=\"noreferrer noopener\">Dersu Uzala<\/a>&#8221; y nos deja como mensaje central la simbiosis entre el cazador y su ambiente natural; as\u00ed como las dificultades para los forasteros de entender los mensajes de la naturaleza con sus ritmos y condiciones.<\/p>\n\n\n\n<figure class=\"wp-block-image size-full is-resized\"><img loading=\"lazy\" decoding=\"async\" src=\"https:\/\/artagaveytia.com\/web\/wp-content\/uploads\/2023\/02\/\u0410\u0440\u0441\u0435\u043d\u044c\u0435\u0432_\u0412._\u041a._\u0438_\u0414\u0435\u0440\u0441\u0443_\u0423\u0437\u0430\u043b\u0430.jpg\" alt=\"\" class=\"wp-image-1604\" width=\"447\" height=\"575\" srcset=\"http:\/\/artagaveytia.com\/web\/wp-content\/uploads\/2023\/02\/\u0410\u0440\u0441\u0435\u043d\u044c\u0435\u0432_\u0412._\u041a._\u0438_\u0414\u0435\u0440\u0441\u0443_\u0423\u0437\u0430\u043b\u0430.jpg 680w, http:\/\/artagaveytia.com\/web\/wp-content\/uploads\/2023\/02\/\u0410\u0440\u0441\u0435\u043d\u044c\u0435\u0432_\u0412._\u041a._\u0438_\u0414\u0435\u0440\u0441\u0443_\u0423\u0437\u0430\u043b\u0430-233x300.jpg 233w\" sizes=\"(max-width: 447px) 100vw, 447px\" \/><\/figure>\n\n\n\n<p>En un pasaje de la misma, Dersu Uzala reta por en\u00e9sima vez a Vlad\u00edmir:<\/p>\n\n\n\n<blockquote class=\"wp-block-quote\"><p>\u2013Mira, t\u00fa eres un verdadero ni\u00f1o; te paseas con la cabeza colgando, sin ver nada, a pesar de tus ojos, y sin comprender las cosas. \u00a1Est\u00e1n bien los ciudadanos en su ciudad! All\u00ed no tienen ninguna necesidad de cazar el ciervo; si quieren comerlo, lo compran. Pero cuando viven solos en la monta\u00f1a perecen.<\/p><\/blockquote>\n\n\n\n<p>M\u00e1s adelante y en ocasi\u00f3n de terminar la cena, el personaje vuelve a la carga:<\/p>\n\n\n\n<blockquote class=\"wp-block-quote\"><p>\u2013\u00bfPor qu\u00e9 tiras la carne al fuego? \u2013me pregunt\u00f3, en tono descontento\u2013. \u00bfC\u00f3mo puede quem\u00e1rsela sin motivo? Nosotros partiremos ma\u00f1ana y otros hombres vendr\u00e1n aqu\u00ed y querr\u00e1n comer. Pero la carne echada al fuego se habr\u00e1 perdido.<\/p><p>\u2013Pero \u00bfqui\u00e9n va a venir por aqu\u00ed? \u2013le pregunt\u00e9 a mi vez.<\/p><p>\u2013\u00a1Bueno, quien sea! \u2013exclam\u00f3 muy asombrado\u2013. Vendr\u00e1 una ratita, un tej\u00f3n, o una corneja; a falta de cornejas, un ratoncillo o, en fin, una hormiga. La taiga pulula de hombres.<\/p><p>Esta vez me di cuenta de que Dersu pensaba no solamente en seres humanos sino tambi\u00e9n en animales, e incluso en bestezuelas tan diminutas como las hormigas. Amando la taiga y todo lo que la poblaba, cuidaba de ella tanto como pod\u00eda.<\/p><\/blockquote>\n\n\n\n<p>Me parece que ya tenemos suficientes elementos para darnos perspectiva en la consulta que se aproxima; as\u00ed que le pido me acompa\u00f1e a abrir la puerta en la casona de 21 de setiembre, porque tenemos un mapa que explorar.<\/p>\n\n\n\n<h3 class=\"wp-block-heading\">Un tambero atribulado<\/h3>\n\n\n\n<p>Creo que muchas de las consultas que me han derivado los psiquiatras y otros profesionales de la salud, tienen como cometido echar mano a todos los recursos posibles en la b\u00fasqueda del alivio de sus pacientes, no tanto por la confianza en nuestra disciplina, sino m\u00e1s bien por el entrenamiento que como practicantes, adquirimos en el conocimiento del ser humano a lo largo de las d\u00e9cadas.<\/p>\n\n\n\n<p>Sea como fuere, para la primavera del 2017 recib\u00ed la llamada de Pedro.<\/p>\n\n\n\n<p>El hombre de m\u00e1s de 60 a\u00f1os y cuya carta reproduzco aqu\u00ed utilizando el software de Astrodienst AG, concert\u00f3 su entrevista sin tener mucha idea de los usos y alcances de la disciplina.<\/p>\n\n\n\n<p>Su m\u00e9dica le dijo simplemente: &#8220;And\u00e1 a ver qu\u00e9 te dice Alvaro, vas a precisar llevarle una partida de nacimiento.&#8221;<\/p>\n\n\n\n<p>Y el hombre -bien mandado- me pas\u00f3 sus datos que se tradujeron en el siguiente tema:<\/p>\n\n\n\n<figure class=\"wp-block-image size-full is-resized\"><img loading=\"lazy\" decoding=\"async\" src=\"https:\/\/artagaveytia.com\/web\/wp-content\/uploads\/2023\/02\/pedro.jpg\" alt=\"\" class=\"wp-image-1601\" width=\"520\" height=\"522\" srcset=\"http:\/\/artagaveytia.com\/web\/wp-content\/uploads\/2023\/02\/pedro.jpg 688w, http:\/\/artagaveytia.com\/web\/wp-content\/uploads\/2023\/02\/pedro-300x300.jpg 300w, http:\/\/artagaveytia.com\/web\/wp-content\/uploads\/2023\/02\/pedro-150x150.jpg 150w, http:\/\/artagaveytia.com\/web\/wp-content\/uploads\/2023\/02\/pedro-80x80.jpg 80w, http:\/\/artagaveytia.com\/web\/wp-content\/uploads\/2023\/02\/pedro-320x320.jpg 320w\" sizes=\"(max-width: 520px) 100vw, 520px\" \/><\/figure>\n\n\n\n<p>Muchas veces la carga de conocimiento que uno tiene en lugar de contribuir al examen de un tema, lo termina nublando.<\/p>\n\n\n\n<p>De este diagrama solamente rescatar\u00e9 la posici\u00f3n zodiacal del Sol, Venus y J\u00fapiter y el paso opuesto por PLN sobre la conjunci\u00f3n absoluta Luna\/Marte.<\/p>\n\n\n\n<p>No necesitar\u00e9 calcular la parte del Infortunio, ni hacer c\u00e1lculos complejos de direcciones conversas buscando coincidencias.<\/p>\n\n\n\n<p>Esos tres o cuatro valores que escuch\u00e9 en mi &#8220;estetoscopio&#8221;, son suficientes para darme una idea de la arritmia. <\/p>\n\n\n\n<p>Lo dem\u00e1s se lo dejar\u00e9 a mi percepci\u00f3n &#8220;en vivo&#8221; durante la entrevista.<\/p>\n\n\n\n<p>Usted ver\u00e1, muchas veces los m\u00e9dicos de campa\u00f1a -no estoy comparando profesiones, a prop\u00f3sito-, conf\u00edan en su &#8220;baqu\u00eda&#8221;, es decir en lo que ven guardando relaci\u00f3n directa con su experiencia. Es muy dif\u00edcil que fallen en su diagn\u00f3stico y tratamiento y la empat\u00eda con el paciente es por lejos, superior a otros cl\u00ednicos que entrenados hasta los l\u00edmites del conocimiento, pierden de vista el ser humano del otro lado.<\/p>\n\n\n\n<p>Este caso ser\u00e1 igual.<\/p>\n\n\n\n<p>Cuando abro la puerta me encuentro con un hombre de aproximadamente un metro noventa de estatura que superaba los cien kilos de peso, si bien su aspecto no era de obesidad ni mucho menos.<\/p>\n\n\n\n<p>Al darme la mano, en el apret\u00f3n me doy cuenta que su mu\u00f1eca m\u00e1s o menos dobla el tama\u00f1o de la m\u00eda y es como una especie de gigante fuera de escala.<\/p>\n\n\n\n<p>Luego de sentarse y de cumplir con las formalidades de la presentaci\u00f3n y la recomendaci\u00f3n que lo llev\u00f3 a mi esquina, empieza sin m\u00e1s la descripci\u00f3n de su problema, apart\u00e1ndose de las rutinas habituales de la consulta que, son m\u00e1s bien de escucha.<\/p>\n\n\n\n<p>As\u00ed empez\u00f3:<\/p>\n\n\n\n<blockquote class=\"wp-block-quote\"><p>\u2013Mire Artagaveytia -no us\u00f3 nunca mi nombre de pila ni el lenguaje coloquial-, soy m\u00e9dico veterinario ya retirado y tuve tambo desde joven, me cas\u00e9 tengo una hija y vivo con mi mujer. <\/p><p>\u2013Me encuentro en una situaci\u00f3n que tuve que pedir ayuda m\u00e9dica en principio y luego me derivaron a psicoanalista porque desde hace un tiempo estoy impotente y eso me tiene a mal traer.<\/p><\/blockquote>\n\n\n\n<p>As\u00ed las cosas.<\/p>\n\n\n\n<p>Le comento que estoy relativamente acostumbrado a los episodios emocionales cuando \u00e9stos desbordan a mi consulta y adquir\u00ed cierto entrenamiento en manejar las pausas y los tiempos para el caso femenino en su mayor\u00eda.<\/p>\n\n\n\n<p>Usted ver\u00e1, las mujeres son mucho m\u00e1s h\u00e1biles en manejar las emociones y esa v\u00e1lvula de liberaci\u00f3n la manejan mucho mejor que nosotros los hombres, vaya a saber si es por una cuesti\u00f3n cultural.<\/p>\n\n\n\n<p>Pero cuando esto se presenta en el caso de un hombre y con un sollozo sostenido, le confieso que quedo un poco aturdido.<\/p>\n\n\n\n<p>Ah\u00ed estaba este gigante delante m\u00edo, llorando por lo bajo, sinti\u00e9ndose miserable por lo poder &#8220;cumplir&#8221; con su mujer y habiendo pasado por el circuito terap\u00e9utico con poco resultado.<\/p>\n\n\n\n<p>Su angustia se ocasionaba adem\u00e1s, en el pensamiento que su compa\u00f1era lo dejara &#8220;por no servir para nada&#8221;.<\/p>\n\n\n\n<p>Bueno, digamos que m\u00e1s all\u00e1 de algunos datos que la carta indicaba, empec\u00e9 por dar un rodeo a todo el asunto.<\/p>\n\n\n\n<blockquote class=\"wp-block-quote\"><p>\u2013Cu\u00e9nteme Pedro, \u00bfD\u00f3nde vive ahora?<\/p><p>\u2013En un apartamento en Montevideo, en Malv\u00edn frente a la rambla.<\/p><p>\u2013\u00bfY el establecimiento del tambo lo vendi\u00f3?<\/p><p>\u2013Si. Empec\u00e9 a tener problemas con una rodilla y ya como vi que no iba a poder con la rutina del tambo con un plantel de lecheras tan grande, me desprend\u00ed de todo y me vine para la ciudad porque mi mujer quer\u00eda estar cerca del mar.<\/p><p>\u2013\u00bfY desde cuando empezaron los problemas de intimidad, \u00bfhace mucho?<\/p><p>\u2013Al poco de venirme para ac\u00e1, Artagaveytia<\/p><p>\u2013Aha \u00bfy qu\u00e9 hace ahora todo el d\u00eda que est\u00e1 retirado?<\/p><p>\u2013Y, no mucho. Juego a la baraja con unos amigos en un club y camino un rato cada d\u00eda.<\/p><p>\u2013\u00bfSe levanta muy temprano Pedro?<\/p><p>\u2013No, \u00bfpara qu\u00e9?<\/p><p>\u2013\u00bfY a qu\u00e9 hora se levantaba cuando estaba el tambo operativo?<\/p><p>\u2013A eso de las 3:15 todos los d\u00edas. En el tambo no hay domingo, \u00bfsabe?<\/p><p>\u2013\u00bfY cuando empez\u00f3 con el tema del tambo? \u00bfAntes de empezar facultad?<\/p><p>\u2013S\u00ed, claro, era una actividad familiar que yo luego continu\u00e9.<\/p><p>\u2013\u00bfDuerme siesta ahora Pedro?<\/p><p>\u2013Y no, no tengo sue\u00f1o.<\/p><p>\u2013Aha.<\/p><p>\u2013Le voy a hacer una pregunta rara: \u00bfLe qued\u00f3 algo de plata ahorrada?<\/p><p>\u2013Y si, tengo plata.<\/p><p>\u2013Bueno, mire: Me parece que el problema no est\u00e1 en su cuerpo, \u00bfvio?<\/p><p>\u2013Si puede arriende unas pocas hect\u00e1reas de campo; pocas nom\u00e1s. Consiga un n\u00famero chico de lecheras como para hacer un par de tarros nom\u00e1s cada d\u00eda.<\/p><p>\u2013Va a tener que levantarse otra vez a las 3:15 y convencer a su mujer que lo acompa\u00f1e a la casa del campo aunque sea modesta por unos meses a ver qu\u00e9 tal le va. \u00bfLo ve posible?<\/p><p>\u2013Si; puedo hacerlo.<\/p><p>\u2013La rodilla me molestar\u00e1 un poco, pero puedo probar.   <\/p><\/blockquote>\n\n\n\n<p>Un poco m\u00e1s adelante la consulta estaba terminada.<\/p>\n\n\n\n<p>Mi contacto me llam\u00f3 para decirme que Pedro se hab\u00eda quedado conforme con la entrevista y como era bien mandado, iba a probar &#8220;la terapia&#8221;.<\/p>\n\n\n\n<h3 class=\"wp-block-heading\">Las razones del toro<\/h3>\n\n\n\n<p>Poco menos de un a\u00f1o m\u00e1s tarde, Pedro me llam\u00f3.<\/p>\n\n\n\n<blockquote class=\"wp-block-quote\"><p>\u2013Mire Artagaveytia, me gustar\u00eda verlo. No es que necesite una consulta. Si le parece bien, me dice cuando y paso.<\/p><\/blockquote>\n\n\n\n<p>Unos d\u00edas m\u00e1s tarde Pedro cruzaba nuevamente la puerta y estrujaba mi mano con su mayor delicadeza mientras mis metatarsos se quejaban puntualmente.<\/p>\n\n\n\n<p>Sac\u00f3 un bulto chico de una bolsa envuelto en papel.<\/p>\n\n\n\n<blockquote class=\"wp-block-quote\"><p>\u2013Esto le manda mi mujer. Le gusta hacer dulce de ciruela y en el campito que al final compr\u00e9, hay unos ciruelos que dan para hacer dulce.<\/p><p>\u2013Estoy hecho un toro Artagaveytia y eso fue gracias a su consejo.<\/p><p>\u2013No es as\u00ed, le respond\u00ed; es gracias a que usted se acord\u00f3 que todos m\u00e1s all\u00e1 de las apariencias, seguimos siendo animales, \u00bfvio?.<\/p><\/blockquote>\n\n\n\n<p>Si le ha interesado este art\u00edculo &#8220;Las razones del toro&#8221;, aguardo sus comentarios m\u00e1s abajo en esta entrada o si prefiere puede enviar un email utilizando el formulario disponible en la pesta\u00f1a <a href=\"https:\/\/artagaveytia.com\/web\/contacto\/\" data-type=\"page\" data-id=\"8\">Contacto<\/a><\/p>\n\n\n\n<hr class=\"wp-block-separator\"\/>\n\n\n\n<p>*Referencia de la imagen de Dersu Uzala y Vlad\u00edmir Ars\u00e9niev: De Desconocido &#8211; \u0412\u043b\u0430\u0434\u0438\u043c\u0438\u0440 \u041a\u043b\u0430\u0432\u0434\u0438\u0435\u0432\u0438\u0447 \u0410\u0440\u0441\u0435\u043d\u044c\u0435\u0432. \u0421\u043e\u0431\u0440\u0430\u043d\u0438\u0435 \u0441\u043e\u0447\u0438\u043d\u0435\u043d\u0438\u0439 \u0432 6 \u0442\u043e\u043c\u0430\u0445. \u0422\u043e\u043c I. \/ \u041f\u043e\u0434 \u0440\u0435\u0434. \u041e\u0418\u0410\u041a. \u2014 \u0412\u043b\u0430\u0434\u0438\u0432\u043e\u0441\u0442\u043e\u043a, \u0410\u043b\u044c\u043c\u0430\u043d\u0430\u0445 \u00ab\u0420\u0443\u0431\u0435\u0436\u00bb, 2007. \u2014 704 \u0441., Dominio p\u00fablico, https:\/\/commons.wikimedia.org\/w\/index.php?curid=18269521<\/p>\n","protected":false},"excerpt":{"rendered":"<p>Daremos como de costumbre un rodeo para enmarcar &#8220;Las razones del toro&#8221; encaminando primero nuestros pasos a una carnicer\u00eda de la ciudad de Mercedes a las orillas del R\u00edo Negro, para luego viajar hacia el sur en direcci\u00f3n de Ismael Cortinas, una villa en el l\u00edmite departamental entre Flores y San Jos\u00e9 en Uruguay, aprendiendo [&hellip;]<\/p>\n","protected":false},"author":1,"featured_media":1615,"comment_status":"open","ping_status":"open","sticky":false,"template":"","format":"standard","meta":{"_eb_attr":"","footnotes":"","_joinchat":[]},"categories":[12],"tags":[],"_links":{"self":[{"href":"http:\/\/artagaveytia.com\/web\/wp-json\/wp\/v2\/posts\/1596"}],"collection":[{"href":"http:\/\/artagaveytia.com\/web\/wp-json\/wp\/v2\/posts"}],"about":[{"href":"http:\/\/artagaveytia.com\/web\/wp-json\/wp\/v2\/types\/post"}],"author":[{"embeddable":true,"href":"http:\/\/artagaveytia.com\/web\/wp-json\/wp\/v2\/users\/1"}],"replies":[{"embeddable":true,"href":"http:\/\/artagaveytia.com\/web\/wp-json\/wp\/v2\/comments?post=1596"}],"version-history":[{"count":24,"href":"http:\/\/artagaveytia.com\/web\/wp-json\/wp\/v2\/posts\/1596\/revisions"}],"predecessor-version":[{"id":1630,"href":"http:\/\/artagaveytia.com\/web\/wp-json\/wp\/v2\/posts\/1596\/revisions\/1630"}],"wp:featuredmedia":[{"embeddable":true,"href":"http:\/\/artagaveytia.com\/web\/wp-json\/wp\/v2\/media\/1615"}],"wp:attachment":[{"href":"http:\/\/artagaveytia.com\/web\/wp-json\/wp\/v2\/media?parent=1596"}],"wp:term":[{"taxonomy":"category","embeddable":true,"href":"http:\/\/artagaveytia.com\/web\/wp-json\/wp\/v2\/categories?post=1596"},{"taxonomy":"post_tag","embeddable":true,"href":"http:\/\/artagaveytia.com\/web\/wp-json\/wp\/v2\/tags?post=1596"}],"curies":[{"name":"wp","href":"https:\/\/api.w.org\/{rel}","templated":true}]}}