{"id":1878,"date":"2023-12-28T21:33:00","date_gmt":"2023-12-28T21:33:00","guid":{"rendered":"http:\/\/artagaveytia.com\/web\/?p=1878"},"modified":"2024-01-02T15:30:50","modified_gmt":"2024-01-02T15:30:50","slug":"un-tobogan-peligroso","status":"publish","type":"post","link":"http:\/\/artagaveytia.com\/web\/un-tobogan-peligroso\/","title":{"rendered":"Un tobog\u00e1n peligroso"},"content":{"rendered":"\n<p>Vamos a empacar en nuestra maleta de viaje algunos objetos necesarios para entender &#8220;Un tobog\u00e1n peligroso&#8221;.<\/p>\n\n\n\n<p>Primero, visitaremos brevemente al inventor de un par de artefactos comunes en los parques de diversiones y trataremos de revivir nuestra experiencia en su uso y disfrute, en particular sobre uno de ellos.<\/p>\n\n\n\n<p>Luego lo ensamblaremos con una definici\u00f3n etimol\u00f3gica que le dar\u00e1 contenido a una consulta particular de hace poco m\u00e1s de treinta a\u00f1os en nuestro despacho.<\/p>\n\n\n\n<p>Tendremos tiempo de evaluar sucintamente los par\u00e1metros del mapa astral en cuesti\u00f3n antes de asistir a la historia de fondo y todav\u00eda nos quedar\u00e1 espacio para un segundo control en consulta a\u00f1os m\u00e1s tarde de tal manera de poner todo en perspectiva.<\/p>\n\n\n\n<div class=\"wp-block-essential-blocks-table-of-contents\"><div class=\"eb-parent-wrapper eb-parent-eb-toc-kzdq8qv \"><div class=\"eb-toc-kzdq8qv eb-toc-container eb-toc-not-collapsible eb-toc-initially-not-collapsed eb-toc-is-not-sticky eb-toc-not-scrollToTop    \" data-scroll-top=\"false\" data-collapsible=\"false\" data-hide-mobile=\"false\" data-sticky=\"false\" data-scroll-target=\"scroll_to_toc\" data-copy-link=\"false\"><div class=\"eb-toc-header\"><div class=\"eb-toc-title\">Tabla de Contenidos<\/div><\/div><div class=\"eb-toc-wrapper   \" data-headers=\"[{&quot;level&quot;:3,&quot;content&quot;:&quot;Inventando la diversi\u00f3n&quot;,&quot;text&quot;:&quot;Inventando la diversi\u00f3n&quot;,&quot;link&quot;:&quot;inventando-la-diversi\u00f3n&quot;},{&quot;level&quot;:6,&quot;content&quot;:&quot;&quot;,&quot;text&quot;:&quot;&quot;,&quot;link&quot;:&quot;&quot;},{&quot;level&quot;:3,&quot;content&quot;:&quot;Una palabra confusa&quot;,&quot;text&quot;:&quot;Una palabra confusa&quot;,&quot;link&quot;:&quot;una-palabra-confusa&quot;},{&quot;level&quot;:3,&quot;content&quot;:&quot;En tierras de Venus&quot;,&quot;text&quot;:&quot;En tierras de Venus&quot;,&quot;link&quot;:&quot;en-tierras-de-venus&quot;},{&quot;level&quot;:3,&quot;content&quot;:&quot;El fin de la inocencia&quot;,&quot;text&quot;:&quot;El fin de la inocencia&quot;,&quot;link&quot;:&quot;el-fin-de-la-inocencia&quot;},{&quot;level&quot;:3,&quot;content&quot;:&quot;El proyecto de trabajo&quot;,&quot;text&quot;:&quot;El proyecto de trabajo&quot;,&quot;link&quot;:&quot;el-proyecto-de-trabajo&quot;},{&quot;level&quot;:3,&quot;content&quot;:&quot;Un tobog\u00e1n peligroso&quot;,&quot;text&quot;:&quot;Un tobog\u00e1n peligroso&quot;,&quot;link&quot;:&quot;un-tobog\u00e1n-peligroso&quot;},{&quot;level&quot;:3,&quot;content&quot;:&quot;Ep\u00edlogo&quot;,&quot;text&quot;:&quot;Ep\u00edlogo&quot;,&quot;link&quot;:&quot;ep\u00edlogo&quot;}]\" data-visible=\"[true,true,true,true,true,true]\" data-delete-headers=\"[{&quot;label&quot;:&quot;Inventando la diversi\u00f3n&quot;,&quot;value&quot;:&quot;inventando-la-diversi\u00f3n&quot;,&quot;isDelete&quot;:false},{&quot;label&quot;:&quot;&quot;,&quot;value&quot;:&quot;&quot;,&quot;isDelete&quot;:true},{&quot;label&quot;:&quot;Una palabra confusa&quot;,&quot;value&quot;:&quot;una-palabra-confusa&quot;,&quot;isDelete&quot;:false},{&quot;label&quot;:&quot;En tierras de Venus&quot;,&quot;value&quot;:&quot;en-tierras-de-venus&quot;,&quot;isDelete&quot;:false},{&quot;label&quot;:&quot;El fin de la inocencia&quot;,&quot;value&quot;:&quot;el-fin-de-la-inocencia&quot;,&quot;isDelete&quot;:false},{&quot;label&quot;:&quot;El proyecto de trabajo&quot;,&quot;value&quot;:&quot;el-proyecto-de-trabajo&quot;,&quot;isDelete&quot;:false},{&quot;label&quot;:&quot;Un tobog\u00e1n peligroso&quot;,&quot;value&quot;:&quot;un-tobog\u00e1n-peligroso&quot;,&quot;isDelete&quot;:false},{&quot;label&quot;:&quot;Ep\u00edlogo&quot;,&quot;value&quot;:&quot;ep\u00edlogo&quot;,&quot;isDelete&quot;:false}]\" data-smooth=\"true\" data-top-offset=\"\"><div class=\"eb-toc__list-wrap\"><ul class=\"eb-toc__list\"><li style=\"padding-bottom:10px\"><a href=\"#inventando-la-diversi\u00f3n\">Inventando la diversi\u00f3n<\/a><\/li><li style=\"padding-top:10px;padding-bottom:10px\"><a href=\"#una-palabra-confusa\">Una palabra confusa<\/a><\/li><li style=\"padding-top:10px;padding-bottom:10px\"><a href=\"#en-tierras-de-venus\">En tierras de Venus<\/a><\/li><li style=\"padding-top:10px;padding-bottom:10px\"><a href=\"#el-fin-de-la-inocencia\">El fin de la inocencia<\/a><\/li><li style=\"padding-top:10px;padding-bottom:10px\"><a href=\"#el-proyecto-de-trabajo\">El proyecto de trabajo<\/a><\/li><li style=\"padding-top:10px;padding-bottom:10px\"><a href=\"#un-tobog\u00e1n-peligroso\">Un tobog\u00e1n peligroso<\/a><\/li><li style=\"padding-top:10px;padding-bottom:10px\"><a href=\"#ep\u00edlogo\">Ep\u00edlogo<\/a><\/li><\/ul><\/div><\/div><\/div><\/div><\/div>\n\n\n\n<p><\/p>\n\n\n\n<h3 class=\"wp-block-heading\">Inventando la diversi\u00f3n<\/h3>\n\n\n\n<p>Hacia 1923 y experimentando nuevas formas de diversi\u00f3n mediante el uso de artefactos a <a href=\"https:\/\/faribaulthpc.org\/kids-page\/\" target=\"_blank\" rel=\"noreferrer noopener\">Herbert Sellner<\/a> (1887-1930), se le ocurri\u00f3 hacer lo que hoy conocemos como &#8220;tobog\u00e1n&#8221; (\u00bfsab\u00eda que en Chile recibe el curioso nombre de &#8220;resbal\u00edn&#8221;?), entre otros inventos ya que tambi\u00e9n a \u00e9l le debemos el llamado &#8220;tiovivo&#8221; que a\u00fan contin\u00faa operando en algunos parques.<\/p>\n\n\n\n<div class=\"wp-block-cover\" style=\"min-height:346px\"><span aria-hidden=\"true\" class=\"wp-block-cover__background has-background-dim\"><\/span><img data-dominant-color=\"676351\" data-has-transparency=\"false\" loading=\"lazy\" decoding=\"async\" width=\"452\" height=\"637\" class=\"not-transparent wp-block-cover__image-background wp-image-1880\" alt=\"Herbert Sellner\" src=\"http:\/\/artagaveytia.com\/web\/wp-content\/uploads\/2023\/12\/herbertsellner.png\" style=\"--dominant-color: #676351; object-position:58% 36%\" data-object-fit=\"cover\" data-object-position=\"58% 36%\" srcset=\"http:\/\/artagaveytia.com\/web\/wp-content\/uploads\/2023\/12\/herbertsellner.png 452w, http:\/\/artagaveytia.com\/web\/wp-content\/uploads\/2023\/12\/herbertsellner-213x300.png 213w\" sizes=\"(max-width: 452px) 100vw, 452px\" \/><div class=\"wp-block-cover__inner-container is-layout-flow wp-block-cover-is-layout-flow\">\n<p class=\"has-text-align-left has-large-font-size\">Herbert Sellner<\/p>\n\n\n\n<h6 class=\"wp-block-heading\"><\/h6>\n<\/div><\/div>\n\n\n\n<p><\/p>\n\n\n\n<p>Este primer invento estaba dise\u00f1ado como una diversi\u00f3n acu\u00e1tica, porque terminaba su recorrido en un estanque y las personas pod\u00edan lanzarse con un trineo desde el v\u00e9rtice elevado.<\/p>\n\n\n\n<p>No tard\u00f3 mucho tiempo antes que se generaran versiones m\u00e1s sencillas del tobog\u00e1n que termin\u00f3 en los espacios de esparcimiento de los parques, los salones infantiles y a\u00fan en nuestras casas.<\/p>\n\n\n\n<p>Si por un momento cierra los ojos y evoca su ni\u00f1ez, es probable que se encuentre subiendo la escalerita para deslizarse desde arriba, con algunos ni\u00f1os apretados delante de usted y otros detr\u00e1s empujando en busca de su turno.<\/p>\n\n\n\n<p>As\u00ed que eso; lleg\u00e1bamos a la cima y no ten\u00edamos mucho tiempo de evaluar el asunto, especialmente si ten\u00edamos una fila detr\u00e1s aguardando.<\/p>\n\n\n\n<p>Acomod\u00e1bamos las piernas por delante y con un empuj\u00f3n, nos lanz\u00e1bamos dejando que la gravedad hiciera el resto.<\/p>\n\n\n\n<p>Un poco de temor controlado y algo de adrenalina acompa\u00f1aban cada viaje y cuando lleg\u00e1bamos debajo, otra vez a correr a la fila, \u00bfrecuerda?<\/p>\n\n\n\n<p>Era imposible estando arriba a punto de tirarse que uno se diera vuelta y tratara de bajar por la escalera que subi\u00f3. <strong><em>Si nos hab\u00eda llegado el turno, pues eso; a lanzarse y listo.<\/em><\/strong><\/p>\n\n\n\n<p><\/p>\n\n\n\n<h3 class=\"wp-block-heading\">Una palabra confusa<\/h3>\n\n\n\n<p>Siempre que escucho o leo la palabra &#8220;proyecto&#8221; siento una confusi\u00f3n acerca de los l\u00edmites del t\u00e9rmino.<\/p>\n\n\n\n<p>&#8220;Estamos en un proyecto&#8230;&#8221; <\/p>\n\n\n\n<p>&#8220;Tengo un gran proyecto&#8230;&#8221;<\/p>\n\n\n\n<p>As\u00ed para tratar de mejorar mi comprensi\u00f3n de este vocablo no hay nada mejor que recurrir a su etimolog\u00eda y utilizar un concepto que abarque mejor la definici\u00f3n:<\/p>\n\n\n\n<blockquote class=\"wp-block-quote\">\n<p>Una de las frases c\u00e9lebres de Julio C\u00e9sar es: &#8220;Alea iacta est&#8221;; o sea, &#8220;los dados han sido tirados&#8221;.<\/p>\n\n\n\n<p>En ese caso la suerte ya estaba tirada &#8220;<em><strong>iacta<\/strong><\/em> est&#8221;, pero \u00bfqu\u00e9 pasa antes?<\/p>\n\n\n\n<p>Pues entonces est\u00e1 <em>en proyecto<\/em>, es decir: pro <em><strong>iectus<\/strong><\/em>, un derivado del supino del verbo <em>proicere<\/em>, de lat\u00edn pro (hacia adelante) y iacere (lanzar) cuyo supino es pro m\u00e1s iactum, que con apofon\u00eda da <strong><em>proiectum<\/em><\/strong>. <\/p>\n\n\n\n<p>Entonces proyecto es literalmente <strong><em>un lanzamiento hacia delante<\/em><\/strong>, hacia el futuro.<\/p>\n<cite>https:\/\/etimologias.dechile.net\/?proyecto<\/cite><\/blockquote>\n\n\n\n<p>Entonces en un lenguaje m\u00e1s llano puedo hacer una conexi\u00f3n on\u00edrica y unir el vocablo proyecto a la experiencia del tobog\u00e1n; sabiendo que, a primera vista, esto le resultar\u00e1 descabellado.<\/p>\n\n\n\n<p>Sin embargo, le pido se sostenga algunas l\u00edneas m\u00e1s en esta traves\u00eda.<\/p>\n\n\n\n<p><\/p>\n\n\n\n<h3 class=\"wp-block-heading\">En tierras de Venus<\/h3>\n\n\n\n<p>En 1993 mi peque\u00f1o despacho astrol\u00f3gico estaba ubicado en un edificio de la Ciudad Vieja en Montevideo, m\u00e1s precisamente en la calle Juan Carlos G\u00f3mez.<\/p>\n\n\n\n<p>Hasta all\u00ed lleg\u00f3 por recomendaci\u00f3n Rodrigo, un muchacho de 22 a\u00f1os de impecable aspecto (saco y corbata, faltaba m\u00e1s), puntualmente a la hora prevista.<\/p>\n\n\n\n<p>Por aquel entonces nuestro consultante, estaba empleado en una firma importante de unos despachantes de aduana y debido a sus m\u00e9ritos hab\u00eda avanzado hasta una buena posici\u00f3n para su edad.<\/p>\n\n\n\n<p>Sus d\u00edas laborales transitaban entonces por el mundo de las importaciones y exportaciones, entre agentes de comercio exterior, la Aduana y los bancos con sus cr\u00e9ditos documentarios y expedientes.<\/p>\n\n\n\n<p>Destacaba por su responsabilidad y estaba conforme con ello, ya que hab\u00eda dejado atr\u00e1s sus intenciones de abrir una peluquer\u00eda en su barrio para trabajar con ese oficio que, hab\u00eda aprendido anteriormente.<\/p>\n\n\n\n<p>Reproduzco la carta de mi archivo con una versi\u00f3n digital de Astrodienst AG para los siguientes datos: 4 de octubre de 1971, 07:15 MVD\/UY<\/p>\n\n\n\n<figure class=\"wp-block-image size-full is-resized\"><img data-dominant-color=\"f6f5f7\" data-has-transparency=\"false\" style=\"--dominant-color: #f6f5f7;\" loading=\"lazy\" decoding=\"async\" src=\"http:\/\/artagaveytia.com\/web\/wp-content\/uploads\/2023\/12\/4101971-0715-MVDUY-Rodrigo.png\" alt=\"\" class=\"not-transparent wp-image-1885\" width=\"505\" height=\"500\" srcset=\"http:\/\/artagaveytia.com\/web\/wp-content\/uploads\/2023\/12\/4101971-0715-MVDUY-Rodrigo.png 647w, http:\/\/artagaveytia.com\/web\/wp-content\/uploads\/2023\/12\/4101971-0715-MVDUY-Rodrigo-300x297.png 300w, http:\/\/artagaveytia.com\/web\/wp-content\/uploads\/2023\/12\/4101971-0715-MVDUY-Rodrigo-150x150.png 150w, http:\/\/artagaveytia.com\/web\/wp-content\/uploads\/2023\/12\/4101971-0715-MVDUY-Rodrigo-500x495.png 500w\" sizes=\"(max-width: 505px) 100vw, 505px\" \/><\/figure>\n\n\n\n<p>Si la observa por un instante ver\u00e1 que hay un conjunto importante en el sector XII, si bien tanto Libra como Aries est\u00e1n interceptados -a mi me gusta pensar que tienen la mitad de los votos en la mesa redonda del Zod\u00edaco, frente a la domificaci\u00f3n-, mientras que Sagitario y G\u00e9minis le han usurpado sus sillas -y por tanto sus platos-, debido a su doble presencia en los sectores.<\/p>\n\n\n\n<p>El Ascendente se ha marchado a Escorpio, lejos de las tierras de Venus y es lo \u00fanico que aporta algo de agua y apenas nos queda tierra, puesto Plut\u00f3n ya embarca hacia Libra, despidi\u00e9ndose de Virgo.<\/p>\n\n\n\n<p>En suma, la signatura es positiva; <strong><em>muy<\/em><\/strong> positiva (Aire\/Fuego).<\/p>\n\n\n\n<p>En mi elucubraci\u00f3n previa me pregunt\u00e9 qu\u00e9 habr\u00eda en su vida de especial respecto de su trabajo, con esa presencia particular de los hermanos J\u00fapiter y Neptuno en la c\u00faspide del sector II, tan raros y malquistados con el cl\u00e1sico villano Saturno que les mira en la vereda de enfrente.<\/p>\n\n\n\n<p>Pero bueno; en esta l\u00ednea predictiva uno se debe a las preguntas de su consultante y no a los razonamientos personales que muchas veces nada tienen que ver con las intenciones de qui\u00e9n contrata nuestros servicios.<\/p>\n\n\n\n<p>En la entrevista tocamos diversos temas en forma somera como habitualmente sucede; sin embargo destacando una pregunta particular:<\/p>\n\n\n\n<blockquote class=\"wp-block-quote\">\n<p>Ahora en agosto, tenemos un <em><strong>proyecto<\/strong><\/em> con un primo muy importante y me gustar\u00eda saber qu\u00e9 tal ir\u00e1 todo. \u2014empez\u00f3<\/p>\n\n\n\n<p><\/p>\n\n\n\n<p>Bueno, la verdad me parece muy complejo ese tiempo y el resultado del emprendimiento; \u00bfte ser\u00e1 posible postergarlo al menos por unos meses? \u2014contest\u00e9<\/p>\n<\/blockquote>\n\n\n\n<p>Por ese entonces en mi pr\u00e1ctica estaba culminando mi primera d\u00e9cada con la disciplina y la cronometr\u00eda utilizando direcciones era una de mis herramientas preferentes.<\/p>\n\n\n\n<p>Ahora a la distancia le comento que algo no me cerraba del todo bien, pero tampoco daba para alarmarme ni emitir ning\u00fan juicio extraordinario acerca de mi consultante sin sospechar a priori, de qu\u00e9 iba el proyecto.<\/p>\n\n\n\n<blockquote class=\"wp-block-quote\">\n<p>Aha, tomar\u00e9 en cuenta esta informaci\u00f3n, pero ya estamos muy avanzados y no creo se pueda cambiar la fecha. \u2014termin\u00f3<\/p>\n<\/blockquote>\n\n\n\n<p>Culminamos cordialmente el encuentro y quedamos en vernos m\u00e1s adelante para una nueva revisi\u00f3n de su mapa.<\/p>\n\n\n\n<p><\/p>\n\n\n\n<h3 class=\"wp-block-heading\">El fin de la inocencia<\/h3>\n\n\n\n<p>Ya para ese tiempo, Montevideo perd\u00eda a pasos agigantados su inocencia respecto de los delitos mayores o &#8220;pesados&#8221; como se dice en la jerga.<\/p>\n\n\n\n<p>Antes, cualquier polic\u00eda que custodiaba un banco por ejemplo, se preocupaba m\u00e1s de ayudar a la gente a realizar los boletos de los dep\u00f3sitos de los cheques y a ordenar las colas para el pago de las pasividades que a fiscalizar la seguridad del local o evaluar a quienes entraban al establecimiento.<\/p>\n\n\n\n<p>Empezaban a aparecer algunos asaltos con violencia y la opini\u00f3n p\u00fablica reaccionaba con incredulidad frente a esta nueva modalidad importada que escalaba geom\u00e9tricamente.<\/p>\n\n\n\n<p>A mediados del a\u00f1o 1993, &#8220;el bayano&#8221; (t\u00e9rmino que se utiliza en mi pa\u00eds para nombrar a una persona nacida en la frontera con Brasil, que proviene del vocablo &#8220;bahiano&#8221; es decir, nacido en Bah\u00eda de San Salvador), hab\u00eda salido del complejo penitenciario, porque ten\u00eda cumplida la pena y obtuvo por buena conducta una reducci\u00f3n del tiempo de la condena.<\/p>\n\n\n\n<p>El llavero lo acompa\u00f1\u00f3 como de costumbre a la puerta de salida, pasando por la intendencia del penal para levantar sus pertenencias y unos pesos -para tomarse el \u00f3mnibus de vuelta que pasaba por la Ruta 1-, a trav\u00e9s del patio del m\u00f3dulo.<\/p>\n\n\n\n<p>Lo despidi\u00f3 con el cl\u00e1sico mensaje: &#8220;Espero no verte de vuelta por ac\u00e1, bayano; portate bien.&#8221;<\/p>\n\n\n\n<p>Usted ver\u00e1, la actividad com\u00fan del bayano consist\u00eda en diversos asaltos que variaban de escala cada vez, pero en esta \u00faltima salida, estaba buscando hacer un &#8220;trabajo&#8221; grande para <em>guardarse<\/em> un tiempo.<\/p>\n\n\n\n<p>Antes de caer preso por \u00faltima vez, ya hab\u00eda detectado una joyer\u00eda importante en la esquina de la calle Uruguay y Avenida Rondeau en el centro de Montevideo. Luego de unas semanas de salir, la volvi\u00f3 a visitar, pasando por la puerta en algunas oportunidades.<\/p>\n\n\n\n<p>Para su satisfacci\u00f3n la seguridad todav\u00eda era deficiente, por no decir; inexistente.<\/p>\n\n\n\n<p>Y el bayano empez\u00f3 a planificar el asunto seriamente.<\/p>\n\n\n\n<p><\/p>\n\n\n\n<h3 class=\"wp-block-heading\">El proyecto de trabajo<\/h3>\n\n\n\n<p>Precisaba al menos -como se dice en campa\u00f1a- un aparcero o dos, para hacer el trabajo.<\/p>\n\n\n\n<p>Al salir del penal, se fue a la casa de un compa\u00f1ero del &#8220;hotel&#8221; (como dec\u00edan en la jerga penitenciaria para referirse al establecimiento de reclusi\u00f3n) en el balneario Parque del Plata que est\u00e1 aproximadamente a cincuenta minutos del centro de Montevideo, si uno va en auto.<\/p>\n\n\n\n<p>La ventaja del <em>negro<\/em> Juli\u00e1n, era precisamente que ten\u00eda esa casa ah\u00ed, fuera del &#8220;ruido&#8221; de la ciudad y ten\u00eda unos pesos apretados que pod\u00edan ayudar con la log\u00edstica.<\/p>\n\n\n\n<blockquote class=\"wp-block-quote\">\n<p>Escuch\u00e1 negro: entramos f\u00e1cil, salimos r\u00e1pido; ese trabajo es una papa. \u2014aseguraba el bayano<\/p>\n<\/blockquote>\n\n\n\n<p>Aparte el <em>negro<\/em> sab\u00eda manejar bien y era r\u00e1pido.<\/p>\n\n\n\n<p>En el m\u00f3dulo cuando estuvieron &#8220;adentro&#8221; hab\u00edan intercambiado algunos conocimientos acerca de sus &#8220;proyectos&#8221;.<\/p>\n\n\n\n<p>Eso s\u00ed; el defecto que ten\u00eda el <em>negro<\/em> es que como era muy nervioso, no le gustaban los &#8220;ca\u00f1os&#8221; grandes (las armas de grueso calibre), porque esos nervios le afectaban la punter\u00eda.<\/p>\n\n\n\n<p>No se llevaba bien con eso; pero pod\u00eda &#8220;ganar&#8221; (robar) un auto por ah\u00ed y guardarlo en la cochera cerrada de la casa de Parque del Plata.<\/p>\n\n\n\n<p>El bayano precisaba alguien adem\u00e1s, que lo ayudara al entrar:<\/p>\n\n\n\n<blockquote class=\"wp-block-quote\">\n<p>Cuatro minutos, nada m\u00e1s. Llegamos atr\u00e1s del &#8220;bondi&#8221;; vos negro, nos aguant\u00e1s afuera; entramos dos &#8220;de ca\u00f1o&#8221; (arma en mano), &#8220;apretamos&#8221; al due\u00f1o, agarramos la plata, algo de oro, unas joyas de la bandeja de arriba del mostrador y nos rajamos. F\u00e1cil. \u2014repet\u00eda el bayano en su coreograf\u00eda mental<\/p>\n<\/blockquote>\n\n\n\n<p>Ten\u00eda un primo que lo pod\u00eda ayudar con el asalto una vez dentro de la joyer\u00eda y que manejaba bien los &#8220;ca\u00f1os grandes&#8221;, era aplomado y no le ten\u00eda miedo a nada.<\/p>\n\n\n\n<p>Adem\u00e1s este primo ten\u00eda un buen trabajo para aparentar, lo que era fundamental el d\u00eda despu\u00e9s y sobre todo no andar &#8220;quemando&#8221; el asalto, gastando plata enseguida por ah\u00ed, a lo loco.<\/p>\n\n\n\n<p>Ya ve, para no &#8220;marcar&#8221; (es decir, para no levantar sospecha), el asaltante con cierto nivel necesita de otra actividad y una rutina lo m\u00e1s normal posible.<\/p>\n\n\n\n<p>El primo del bayano si bien ya ten\u00eda un antecedente menor cuando muchacho, hab\u00eda quedado archivado y su foja estaba limpia.<\/p>\n\n\n\n<p>As\u00ed que finalmente se empezaron a reunir en lo del negro Juli\u00e1n, el bayano y Rodrigo su primo; a comer asado y planificar bien el trabajo.<\/p>\n\n\n\n<p>Hay una l\u00ednea de transporte de \u00f3mnibus denominada C4 que sale de Parque del Plata con destino a la terminal de Montevideo y m\u00e1s o menos una hora despu\u00e9s de salir, justo tiene una parada en la acera de la joyer\u00eda.<\/p>\n\n\n\n<p>La cuesti\u00f3n era salir con el auto robado atr\u00e1s del C4 poco antes del mediod\u00eda a paso lento y a la altura de la calle Ejido a unas tres cuadras antes de llegar a la esquina con Rondeau, hacer tiempo con el auto estacionado (un par de minutos), de tal manera que cuando el \u00f3mnibus finalmente pare en la esquina de la joyer\u00eda, se pod\u00eda estacionar r\u00e1pido bien pegado atr\u00e1s con la ventaja del disimulo de mezclarse con las personas que descend\u00edan a esa hora en esa parada porque desde ah\u00ed se conectaban con otra red de l\u00edneas que serv\u00edan el norte de Montevideo. F\u00e1cil.<\/p>\n\n\n\n<p>Por si no conoce esa zona, le comento que enseguida de Uruguay y Ejido, hay un peque\u00f1o repecho a la altura de la calle Yaguar\u00f3n y despu\u00e9s es todo en bajada hasta Rondeau.<\/p>\n\n\n\n<div class=\"wp-block-cover\"><span aria-hidden=\"true\" class=\"wp-block-cover__background has-background-dim\"><\/span><img data-dominant-color=\"676969\" data-has-transparency=\"false\" style=\"--dominant-color: #676969;\" loading=\"lazy\" decoding=\"async\" width=\"875\" height=\"626\" class=\"not-transparent wp-block-cover__image-background wp-image-1909\" alt=\"\" src=\"http:\/\/artagaveytia.com\/web\/wp-content\/uploads\/2023\/12\/pTobogan-jpg.webp\" data-object-fit=\"cover\" srcset=\"http:\/\/artagaveytia.com\/web\/wp-content\/uploads\/2023\/12\/pTobogan-jpg.webp 875w, http:\/\/artagaveytia.com\/web\/wp-content\/uploads\/2023\/12\/pTobogan-300x215.webp 300w, http:\/\/artagaveytia.com\/web\/wp-content\/uploads\/2023\/12\/pTobogan-768x549.webp 768w, http:\/\/artagaveytia.com\/web\/wp-content\/uploads\/2023\/12\/pTobogan-500x358.webp 500w\" sizes=\"(max-width: 875px) 100vw, 875px\" \/><div class=\"wp-block-cover__inner-container is-layout-flow wp-block-cover-is-layout-flow\">\n<p class=\"has-text-align-left has-large-font-size\">Uruguay y Rondeau (2015)<\/p>\n<\/div><\/div>\n\n\n\n<p><\/p>\n\n\n\n<p>Igual que cuando uno est\u00e1 arriba del tobog\u00e1n, \u00bfrecuerda?<\/p>\n\n\n\n<p>Ya no hay vuelta atr\u00e1s, hay que <em><strong>lanzarse hacia delante<\/strong><\/em>; hacia el dinero, amartillando las armas.<\/p>\n\n\n\n<p><\/p>\n\n\n\n<h3 class=\"wp-block-heading\">Un tobog\u00e1n peligroso<\/h3>\n\n\n\n<p>Ahora el negro Juli\u00e1n aprieta fuerte volante, acelera los metros que faltan para frenar fuerte justo detr\u00e1s del C4; el bayano en el asiento de la derecha manotea el picaporte de la puerta y baja a la carrera justo detr\u00e1s de Rodrigo que estaba sentado atr\u00e1s del mismo lado del auto.<\/p>\n\n\n\n<p>Entonces, Rodrigo empuja primero la puerta de la joyer\u00eda y se va para el lado de la derecha; enseguida, el bayano ya pasa y la cierra.<\/p>\n\n\n\n<p>Adentro el comerciante y su mujer sorprendidos no tienen tiempo de nada:<\/p>\n\n\n\n<blockquote class=\"wp-block-quote\">\n<p>\u00a1Dame la plata y no me mir\u00e9s la cara porque te quemo! \u2014ladra Rodrigo<\/p>\n<\/blockquote>\n\n\n\n<p>El hombre detr\u00e1s del mostrador se queda petrificado mirando fijamente el ca\u00f1o del rev\u00f3lver que lo observa en silencio interrog\u00e1ndolo, como un ojo oscuro a veinte cent\u00edmetros de su rostro.<\/p>\n\n\n\n<p>La mujer sin embargo reacciona y en una bolsa que abre el bayano, llenan entre ellos m\u00e1s o menos desprolijamente el bot\u00edn que dos minutos m\u00e1s tarde, ya los acompa\u00f1a a la puerta.<\/p>\n\n\n\n<p>Salen r\u00e1pido, pero sin correr. <\/p>\n\n\n\n<p>Afuera y desde hace un minuto, el negro Juli\u00e1n tiene una escopeta 12 que le apunta a la cabeza en las manos de un polic\u00eda de Investigaciones, mientras otros cuatro de la brigada aguardan ya a los lados de la joyer\u00eda por Rodrigo y el bayano.<\/p>\n\n\n\n<p>A prop\u00f3sito, a la gente de la brigada de Investigaciones les gusta andar vestidos de particular e ir a la carnicer\u00eda de Parque del Plata a comprar asado, andando en bicicleta como cualquier vecino del balneario, \u00bfvio?<\/p>\n\n\n\n<p>Y han seguido discretamente los movimientos del bayano desde que sali\u00f3 del penal. <\/p>\n\n\n\n<p>Y lo han visto merodeando la joyer\u00eda primero y junto al negro Juli\u00e1n despu\u00e9s, comiendo asado.<\/p>\n\n\n\n<p>Les llama la atenci\u00f3n un muchacho de buen aspecto y muy prolijo que los acompa\u00f1a alg\u00fan fin de semana.<\/p>\n\n\n\n<p>Para cuando volvemos a nuestra escena en la acera de la joyer\u00eda, Rodrigo y su primo son desarmados y capturados primero. Procesados y condenados junto al negro Juli\u00e1n despu\u00e9s.<\/p>\n\n\n\n<p>Mala progresi\u00f3n para un proyecto, dir\u00eda el astr\u00f3logo.<\/p>\n\n\n\n<p>A veces cuando uno sale despedido del tobog\u00e1n, la ca\u00edda termina mal.<\/p>\n\n\n\n<p><\/p>\n\n\n\n<h3 class=\"wp-block-heading\">Ep\u00edlogo<\/h3>\n\n\n\n<p>Rodrigo volvi\u00f3 a consulta en 1998.<\/p>\n\n\n\n<p>As\u00ed pude reconstruir el relato que acaba de leer y de lo que pas\u00f3.<strong>*<\/strong><\/p>\n\n\n\n<p>Al cumplir su pena consigui\u00f3 primero un trabajo con un familiar y luego con el correr de los a\u00f1os recompuso su vida personal con una nueva normalidad.<\/p>\n\n\n\n<p>Lo interesante para nosotros m\u00e1s all\u00e1 de la muestra del mapa de un asaltante con una doble vida montada discretamente es el chiste astrol\u00f3gico:<\/p>\n\n\n\n<p>\u00bfRecuerda la posici\u00f3n de Venus en el sector XII en su domicilio librano?<\/p>\n\n\n\n<figure class=\"wp-block-image size-full\"><img data-dominant-color=\"8d887e\" data-has-transparency=\"false\" style=\"--dominant-color: #8d887e;\" loading=\"lazy\" decoding=\"async\" width=\"360\" height=\"382\" src=\"http:\/\/artagaveytia.com\/web\/wp-content\/uploads\/2023\/12\/cortapelo-jpg.webp\" alt=\"\" class=\"not-transparent wp-image-1912\" srcset=\"http:\/\/artagaveytia.com\/web\/wp-content\/uploads\/2023\/12\/cortapelo-jpg.webp 360w, http:\/\/artagaveytia.com\/web\/wp-content\/uploads\/2023\/12\/cortapelo-283x300.webp 283w\" sizes=\"(max-width: 360px) 100vw, 360px\" \/><\/figure>\n\n\n\n<p>Una vez dentro del penal y debido a su buen comportamiento, Rodrigo arregl\u00f3 con el encargado del m\u00f3dulo para poner un espejo chico y una silla.<\/p>\n\n\n\n<p>Ah\u00ed con una m\u00e1quina cortapelo y un peine, se pudo improvisar una peluquer\u00eda en donde atender de forma m\u00ednima las necesidades est\u00e9ticas de los internos de tal manera de hacer un jornal para subsistir.<\/p>\n\n\n\n<p>El oficio est\u00e9tico (Venus) y la penitenciar\u00eda (casa XII), aqu\u00ed caminan juntos a la par.<\/p>\n\n\n\n<p>Estoy seguro que ahora volver\u00e1 a revisar la carta natal de Rodrigo con otros ojos.<\/p>\n\n\n\n<p>\u00bfVerdad que es sorprendente como se refleja una biograf\u00eda en el mapa?<\/p>\n\n\n\n<p>Hace poco le\u00ed en el maravilloso libro &#8220;La fuga de Dios&#8221; de Juan Arnau un concepto acerca del paradigma de la ciencia y del resto de los conocimientos humanos y me gusta pensar que en suma:<\/p>\n\n\n\n<p><strong><em>La Astrolog\u00eda tambi\u00e9n, es un modo de la Verdad.<\/em><\/strong><\/p>\n\n\n\n<p><\/p>\n\n\n\n<p>Si le ha interesado esta entrada, aguardo sus comentarios m\u00e1s abajo o puede enviar un email utilizando el formulario disponible en la pesta\u00f1a: <a href=\"http:\/\/artagaveytia.com\/web\/contacto\/\" data-type=\"page\" data-id=\"8\">Contacto<\/a><\/p>\n\n\n\n<hr class=\"wp-block-separator has-alpha-channel-opacity\"\/>\n\n\n\n<p><strong>*<\/strong>Por privacidad, la ubicaci\u00f3n de la joyer\u00eda, los nombres, apodos, caracter\u00edsticas de los personajes y sus detalles han sido alterados, por lo que m\u00ednimamente he tratado de preservar en la medida de lo posible, el alma de esta historia.<\/p>\n","protected":false},"excerpt":{"rendered":"<p>Vamos a empacar en nuestra maleta de viaje algunos objetos necesarios para entender &#8220;Un tobog\u00e1n peligroso&#8221;. Primero, visitaremos brevemente al inventor de un par de artefactos comunes en los parques de diversiones y trataremos de revivir nuestra experiencia en su uso y disfrute, en particular sobre uno de ellos. Luego lo ensamblaremos con una definici\u00f3n [&hellip;]<\/p>\n","protected":false},"author":1,"featured_media":1917,"comment_status":"open","ping_status":"open","sticky":false,"template":"","format":"standard","meta":{"_eb_attr":"","footnotes":"","_joinchat":[]},"categories":[12],"tags":[],"_links":{"self":[{"href":"http:\/\/artagaveytia.com\/web\/wp-json\/wp\/v2\/posts\/1878"}],"collection":[{"href":"http:\/\/artagaveytia.com\/web\/wp-json\/wp\/v2\/posts"}],"about":[{"href":"http:\/\/artagaveytia.com\/web\/wp-json\/wp\/v2\/types\/post"}],"author":[{"embeddable":true,"href":"http:\/\/artagaveytia.com\/web\/wp-json\/wp\/v2\/users\/1"}],"replies":[{"embeddable":true,"href":"http:\/\/artagaveytia.com\/web\/wp-json\/wp\/v2\/comments?post=1878"}],"version-history":[{"count":91,"href":"http:\/\/artagaveytia.com\/web\/wp-json\/wp\/v2\/posts\/1878\/revisions"}],"predecessor-version":[{"id":1982,"href":"http:\/\/artagaveytia.com\/web\/wp-json\/wp\/v2\/posts\/1878\/revisions\/1982"}],"wp:featuredmedia":[{"embeddable":true,"href":"http:\/\/artagaveytia.com\/web\/wp-json\/wp\/v2\/media\/1917"}],"wp:attachment":[{"href":"http:\/\/artagaveytia.com\/web\/wp-json\/wp\/v2\/media?parent=1878"}],"wp:term":[{"taxonomy":"category","embeddable":true,"href":"http:\/\/artagaveytia.com\/web\/wp-json\/wp\/v2\/categories?post=1878"},{"taxonomy":"post_tag","embeddable":true,"href":"http:\/\/artagaveytia.com\/web\/wp-json\/wp\/v2\/tags?post=1878"}],"curies":[{"name":"wp","href":"https:\/\/api.w.org\/{rel}","templated":true}]}}