{"id":1986,"date":"2024-01-11T18:32:58","date_gmt":"2024-01-11T18:32:58","guid":{"rendered":"http:\/\/artagaveytia.com\/web\/?p=1986"},"modified":"2024-01-12T15:10:24","modified_gmt":"2024-01-12T15:10:24","slug":"el-signo-del-vuelo-571","status":"publish","type":"post","link":"http:\/\/artagaveytia.com\/web\/el-signo-del-vuelo-571\/","title":{"rendered":"El signo del vuelo 571"},"content":{"rendered":"\n<p>Este art\u00edculo titulado &#8220;El signo del vuelo 571&#8221;, es un breve testimonio de los vericuetos astrol\u00f3gicos que sucedieron en mi pa\u00eds, alrededor de la denominada: &#8220;Tragedia de los Andes&#8221;.<\/p>\n\n\n\n<p>Est\u00e1 orientado a personas con inter\u00e9s por la disciplina y que posiblemente no tengan noticia del protagonismo de <a href=\"https:\/\/youtu.be\/q7flQTSkL0k\" target=\"_blank\" rel=\"noopener\">Boris Cristoff<\/a> en los d\u00edas posteriores a la fecha del accidente ocurrido un viernes 13 de octubre de 1972.<\/p>\n\n\n\n<p>La pel\u00edcula del director Juan Antonio Bayona titulada &#8220;La sociedad de la nieve&#8221;, escrita sobre el libro de Pablo Vierci; se encuentra en su ola mayor de repercusi\u00f3n cuando escribo estas l\u00edneas y hace propicia la ocasi\u00f3n para traer este vestigio impreso en mi memoria.<\/p>\n\n\n\n<p>Dedicaremos apenas unas palabras a los detalles t\u00e9cnicos de asunto que, por s\u00ed solo, da para un estudio m\u00e1s profundo.<\/p>\n\n\n\n<div class=\"wp-block-essential-blocks-table-of-contents\"><div class=\"eb-parent-wrapper eb-parent-eb-toc-83ipms4 \"><div class=\"eb-toc-83ipms4 eb-toc-container eb-toc-not-collapsible eb-toc-initially-not-collapsed eb-toc-is-not-sticky eb-toc-not-scrollToTop    \" data-scroll-top=\"false\" data-collapsible=\"false\" data-hide-mobile=\"false\" data-sticky=\"false\" data-scroll-target=\"scroll_to_toc\" data-copy-link=\"false\"><div class=\"eb-toc-header\"><div class=\"eb-toc-title\">Tabla de Contenido<\/div><\/div><div class=\"eb-toc-wrapper   \" data-headers=\"[{&quot;level&quot;:3,&quot;content&quot;:&quot;La tragedia y su milagro&quot;,&quot;text&quot;:&quot;La tragedia y su milagro&quot;,&quot;link&quot;:&quot;la-tragedia-y-su-milagro&quot;},{&quot;level&quot;:3,&quot;content&quot;:&quot;Nadie es profeta en su tierra &quot;,&quot;text&quot;:&quot;Nadie es profeta en su tierra &quot;,&quot;link&quot;:&quot;nadie-es-profeta-en-su-tierra&quot;},{&quot;level&quot;:3,&quot;content&quot;:&quot;El rosario de los Andes&quot;,&quot;text&quot;:&quot;El rosario de los Andes&quot;,&quot;link&quot;:&quot;el-rosario-de-los-andes&quot;},{&quot;level&quot;:3,&quot;content&quot;:&quot;El signo del vuelo 571&quot;,&quot;text&quot;:&quot;El signo del vuelo 571&quot;,&quot;link&quot;:&quot;el-signo-del-vuelo-571&quot;}]\" data-visible=\"[true,true,true,true,true,true]\" data-delete-headers=\"[{&quot;label&quot;:&quot;La tragedia y su milagro&quot;,&quot;value&quot;:&quot;la-tragedia-y-su-milagro&quot;,&quot;isDelete&quot;:false},{&quot;label&quot;:&quot;Nadie es profeta en su tierra &quot;,&quot;value&quot;:&quot;nadie-es-profeta-en-su-tierra&quot;,&quot;isDelete&quot;:false},{&quot;label&quot;:&quot;El rosario de los Andes&quot;,&quot;value&quot;:&quot;el-rosario-de-los-andes&quot;,&quot;isDelete&quot;:false},{&quot;label&quot;:&quot;El signo del vuelo 571&quot;,&quot;value&quot;:&quot;el-signo-del-vuelo-571&quot;,&quot;isDelete&quot;:false}]\" data-smooth=\"true\" data-top-offset=\"\"><div class=\"eb-toc__list-wrap\"><ul class=\"eb-toc__list\"><li style=\"padding-bottom:10px\"><a href=\"#la-tragedia-y-su-milagro\">La tragedia y su milagro<\/a><\/li><li style=\"padding-top:10px;padding-bottom:10px\"><a href=\"#nadie-es-profeta-en-su-tierra\">Nadie es profeta en su tierra <\/a><\/li><li style=\"padding-top:10px;padding-bottom:10px\"><a href=\"#el-rosario-de-los-andes\">El rosario de los Andes<\/a><\/li><li style=\"padding-top:10px;padding-bottom:10px\"><a href=\"#el-signo-del-vuelo-571\">El signo del vuelo 571<\/a><\/li><\/ul><\/div><\/div><\/div><\/div><\/div>\n\n\n\n<p><\/p>\n\n\n\n<h3 class=\"wp-block-heading\">La tragedia y su milagro<\/h3>\n\n\n\n<p>Leamos este breve resumen desde Wikipedia:<\/p>\n\n\n\n<blockquote class=\"wp-block-quote\">\n<p>El&nbsp;accidente<strong>&nbsp;<\/strong>del vuelo 571<strong> <\/strong>de la<strong>&nbsp;<\/strong>Fuerza A\u00e9rea Uruguaya&nbsp;ocurri\u00f3 el viernes 13 de octubre de 1972, cuando el&nbsp;Fairchild FH-227D, un vuelo&nbsp;ch\u00e1rter&nbsp;que el d\u00eda anterior hab\u00eda partido de&nbsp;Montevideo&nbsp;(Uruguay) a&nbsp;Santiago&nbsp;(Chile), se estrell\u00f3 en la&nbsp;<a href=\"https:\/\/es.wikipedia.org\/wiki\/Cordillera_de_los_Andes\" target=\"_blank\" rel=\"noopener\">cordillera de los Andes<\/a>. El accidente a\u00e9reo y la supervivencia posterior se conocieron como&nbsp;tragedia de los Andes&nbsp;y&nbsp;milagro de los Andes, respectivamente.<\/p>\n\n\n\n<p>Mientras el avi\u00f3n cruzaba los Andes, las nubes cubr\u00edan las monta\u00f1as.\u200b Los pilotos creyeron err\u00f3neamente que la aeronave hab\u00eda sobrevolado&nbsp;Curic\u00f3&nbsp;(Chile), donde virar\u00eda al norte para iniciar su descenso al&nbsp;Aeropuerto Los Cerrillos&nbsp;de la capital chilena. No se dio cuenta de que las&nbsp;lecturas de los instrumentos&nbsp;indicaban que todav\u00eda estaba a entre 60 y 70&nbsp;km de Curic\u00f3.<\/p>\n\n\n\n<p>La aeronave comenz\u00f3 a descender antes de tiempo mientras a\u00fan sobrevolaba los Andes, impactando contra el filo de una monta\u00f1a. Ambas alas y la secci\u00f3n de cola se desprendieron del fuselaje. El resto del fuselaje se desliz\u00f3 por la monta\u00f1a a una velocidad aproximada de 350&nbsp;km\/h, descendi\u00f3 unos 725&nbsp;metros y se estrell\u00f3 contra el hielo y la nieve del&nbsp;glaciar&nbsp;de Las L\u00e1grimas a&nbsp;3570 metros de altura.&nbsp;en la cordillera de los Andes en el&nbsp;Departamento Malarg\u00fce,&nbsp;Provincia de Mendoza&nbsp;(Argentina), a 1200&nbsp;metros de la frontera con Chile.<\/p>\n\n\n\n<p>Las autoridades comenzaron inmediatamente la b\u00fasqueda del avi\u00f3n y sobrevolaron el lugar del accidente varias veces durante los d\u00edas siguientes, pero no lograron divisar el fuselaje blanco contra la nieve. El 21 de octubre los esfuerzos de b\u00fasqueda se cancelaron.<\/p>\n\n\n\n<p>La aeronave transportaba a 5 tripulantes y 40 pasajeros, incluidos 19 miembros del equipo de&nbsp;rugby&nbsp;Old Christians Club, junto con algunos familiares, simpatizantes y amigos.\u200b Tres miembros de la tripulaci\u00f3n y diez pasajeros murieron por el impacto y cuatro personas fallecieron durante la primera noche debido a las g\u00e9lidas temperaturas y a sus graves heridas. En las semanas posteriores fallecieron doce m\u00e1s, entre ellos ocho por un alud de nieve.<\/p>\n\n\n\n<p>Los 16 sobrevivientes sufrieron penurias extremas \u2014como la congelaci\u00f3n, la sed y el hambre\u2014 que los llevaron a recurrir a la&nbsp;antropofagia.\u200b Cuando el clima mejor\u00f3 con la proximidad del verano austral, el 12 de diciembre&nbsp;Nando Parrado&nbsp;y&nbsp;Roberto Canessa&nbsp;escalaron sin equipo un&nbsp;pico monta\u00f1oso&nbsp;de&nbsp;4650 metros&nbsp;y descendieron hacia Chile, donde se encontraron con el&nbsp;arriero&nbsp;<a href=\"https:\/\/es.wikipedia.org\/wiki\/Sergio_Catal%C3%A1n_(arriero_chileno)\" target=\"_blank\" rel=\"noopener\">Sergio Catal\u00e1n<\/a>,\u200b que posibilit\u00f3 su rescate el 21 de diciembre, tras recorrer unos 38&nbsp;km.\u200b El 23 de diciembre de 1972, 72 d\u00edas despu\u00e9s del accidente, se rescataron a los \u00faltimos sobrevivientes que hab\u00edan quedado en el fuselaje.<\/p>\n<cite>https:\/\/es.wikipedia.org\/wiki\/Vuelo_571_de_la_Fuerza_A%C3%A9rea_Uruguaya<\/cite><\/blockquote>\n\n\n\n<p>Como ver\u00e1, la historia de los pasajeros del vuelo, quienes volvieron y quienes se quedaron en la monta\u00f1a, es una alegor\u00eda acerca de la vida y la muerte.<\/p>\n\n\n\n<p>Se trat\u00f3 de llevar al cine en oportunidades anteriores con magros resultados o deformaciones debido a m\u00faltiples factores, pero primero el libro &#8220;La sociedad de la nieve&#8221; y luego la pel\u00edcula de Bayona, se aproximan mejor al asunto, por lo que le dejo el avance:<\/p>\n\n\n\n<figure class=\"wp-block-embed is-type-video is-provider-youtube wp-block-embed-youtube wp-embed-aspect-16-9 wp-has-aspect-ratio\"><div class=\"wp-block-embed__wrapper\">\n<iframe loading=\"lazy\" title=\"La sociedad de la nieve | Tr\u00e1iler oficial | Netflix\" width=\"970\" height=\"546\" src=\"https:\/\/www.youtube.com\/embed\/l9tP4M8URhQ?feature=oembed\" frameborder=\"0\" allow=\"accelerometer; autoplay; clipboard-write; encrypted-media; gyroscope; picture-in-picture; web-share\" allowfullscreen><\/iframe>\n<\/div><\/figure>\n\n\n\n<p>Pero seguramente usted est\u00e1 leyendo este art\u00edculo por su afici\u00f3n a la disciplina de los astros, de tal manera que le pido se ajuste el cintur\u00f3n y me acompa\u00f1e a viajar en reversa hasta 1968, es decir cuatro a\u00f1os antes del episodio.<\/p>\n\n\n\n<p>Desembarcaremos en una apacible tarde de oto\u00f1o por la calle Beyrouth, a unos sesenta metros de la costa del R\u00edo de la Plata, en la Rambla de Montevideo.<\/p>\n\n\n\n<p><\/p>\n\n\n\n<h3 class=\"wp-block-heading\">Nadie es profeta en su tierra <\/h3>\n\n\n\n<p>Debido a que tuve el gusto de conocerlo personalmente y conversar en varias ocasiones acerca de la disciplina, evitar\u00e9 las referencias externas para referirme a Boris Cristoff, nacido en Bulgaria y residente en Uruguay desde ni\u00f1o.<\/p>\n\n\n\n<p>En mi mirada, Boris fue el principal difusor de la Astrolog\u00eda en Uruguay desde los \u00faltimos treinta a\u00f1os del siglo pasado.<\/p>\n\n\n\n<p>Uno podr\u00e1 compartir o no sus m\u00e9todos, pero no puede dejar de reconocer su trabajo en la pr\u00e1ctica del oficio y su capacidad de s\u00edntesis.<\/p>\n\n\n\n<p>Como autor fue prol\u00edfico y sin meterme en evaluaciones peligrosas de cada uno de sus libros, siempre me quedo con su voluminosa &#8220;Astrolog\u00eda Precesional, un retorno del pasado&#8221; que public\u00f3 la editorial Kier en ese 1968.<\/p>\n\n\n\n<p>Para ese entonces, Boris atend\u00eda a sus consultantes regularmente en su casa de la calle Beyrouth:<\/p>\n\n\n\n<div class=\"wp-block-cover\"><span aria-hidden=\"true\" class=\"wp-block-cover__background has-background-dim\"><\/span><img data-dominant-color=\"6d6d61\" data-has-transparency=\"false\" style=\"--dominant-color: #6d6d61;\" loading=\"lazy\" decoding=\"async\" width=\"1024\" height=\"602\" class=\"not-transparent wp-block-cover__image-background wp-image-1990\" alt=\"\" src=\"http:\/\/artagaveytia.com\/web\/wp-content\/uploads\/2024\/01\/casaboris-1024x602.webp\" data-object-fit=\"cover\" srcset=\"http:\/\/artagaveytia.com\/web\/wp-content\/uploads\/2024\/01\/casaboris-1024x602.webp 1024w, http:\/\/artagaveytia.com\/web\/wp-content\/uploads\/2024\/01\/casaboris-300x176.webp 300w, http:\/\/artagaveytia.com\/web\/wp-content\/uploads\/2024\/01\/casaboris-768x451.webp 768w, http:\/\/artagaveytia.com\/web\/wp-content\/uploads\/2024\/01\/casaboris-500x294.webp 500w, http:\/\/artagaveytia.com\/web\/wp-content\/uploads\/2024\/01\/casaboris-900x529.webp 900w, http:\/\/artagaveytia.com\/web\/wp-content\/uploads\/2024\/01\/casaboris-jpg.webp 1150w\" sizes=\"(max-width: 1024px) 100vw, 1024px\" \/><div class=\"wp-block-cover__inner-container is-layout-flow wp-block-cover-is-layout-flow\">\n<figure class=\"wp-block-pullquote has-large-font-size\"><blockquote><p>Al centro, la vivienda de Boris Cristoff (2015)<\/p><\/blockquote><\/figure>\n<\/div><\/div>\n\n\n\n<p><\/p>\n\n\n\n<p>La adaptaci\u00f3n de la progresi\u00f3n domal rosacruz conform\u00f3 su principal m\u00e9todo de pron\u00f3stico y lo denomin\u00f3: Proluna (PLN por sus siglas Progresi\u00f3n Lunar Natural).<\/p>\n\n\n\n<p>Este m\u00e9todo sencillo y potente, est\u00e1 presente en muchos de los art\u00edculos que escribo acerca de las historias breves de consulta.<\/p>\n\n\n\n<p>Volvamos nuestros pasos ahora al libro &#8220;Astrolog\u00eda Precesional&#8221; en donde aprovecha en sus p\u00e1ginas finales para presentar otros trabajos que pretender\u00edan ser libros independientes.<\/p>\n\n\n\n<p>Algunos llegaron a la meta, otros, quedaron en el camino.<\/p>\n\n\n\n<p>En uno de ellos, deseaba presentar una teor\u00eda que denominaba: &#8220;Signos precursores de acontecimientos (SPA)&#8221;<\/p>\n\n\n\n<p>Leamos brevemente:<\/p>\n\n\n\n<blockquote class=\"wp-block-quote\">\n<p>Esta teor\u00eda se refiere a hechos o se\u00f1ales que anticipan, para el que lo sepa ver, otros hechos de mayor importancia que suceden a posteriori.<\/p>\n\n\n\n<p>El antecedente m\u00e1s cercano y popular es la superstici\u00f3n, tan antigua como reciente, tan usada antes, como temida ahora.<\/p>\n<cite>Astrolog\u00eda Precesional, cap\u00edtulo 21, p\u00e1gina 404<\/cite><\/blockquote>\n\n\n\n<p>Hasta donde pude intercambiar con \u00e9l, Boris estaba convencido de una especie de &#8220;Teor\u00eda de la atracci\u00f3n&#8221; y repet\u00eda que previamente a un suceso cualquiera en una biograf\u00eda, hab\u00eda se\u00f1ales que se adelantaban.<\/p>\n\n\n\n<p>Bajo ese concepto, se pod\u00eda hacer algo as\u00ed como una ingenier\u00eda inversa y provocar signos positivos espec\u00edficos para obtener buenos resultados luego.<\/p>\n\n\n\n<p>En suma, &#8220;atraer la suerte&#8221;.<\/p>\n\n\n\n<p>D\u00edgame la verdad: \u00bfNo le suena contempor\u00e1neo el m\u00e9todo?<\/p>\n\n\n\n<p>Ya para ese entonces dentro de la distinguida clientela de Boris debido a la locaci\u00f3n de su consultorio y a sus apariciones frecuentes en televisi\u00f3n, se encontraba el famoso artista pl\u00e1stico <a href=\"https:\/\/es.wikipedia.org\/wiki\/Carlos_P%C3%A1ez_Vilar%C3%B3\" target=\"_blank\" rel=\"noopener\">Carlos P\u00e1ez Vilar\u00f3<\/a> <\/p>\n\n\n\n<p>Este artista result\u00f3 ser el padre de <a href=\"https:\/\/es.wikipedia.org\/wiki\/Carlos_P%C3%A1ez_Rodr%C3%ADguez\" target=\"_blank\" rel=\"noopener\">Carlos P\u00e1ez Rodr\u00edguez<\/a>, uno de los pasajeros del fat\u00eddico vuelo 571.<\/p>\n\n\n\n<p>Accesoriamente, nuestro astr\u00f3logo involucrado, estaba vinculado a diversas personas de los barrios distinguidos de Montevideo: Carrasco y Punta Gorda.<\/p>\n\n\n\n<p>As\u00ed que para comienzos de la d\u00e9cada del setenta, Boris era un personaje algo extravagante pero muy reconocido de esa parte de la ciudad.<\/p>\n\n\n\n<p>Dejemos atr\u00e1s esta breve semblanza, si bien nos vamos a mantener en el barrio, puesto que tenemos que leer un p\u00e1rrafo de otro libro donde todo cobrar\u00e1 sentido.<\/p>\n\n\n\n<p><\/p>\n\n\n\n<h3 class=\"wp-block-heading\">El rosario de los Andes<\/h3>\n\n\n\n<p>Madel\u00f3n Rodr\u00edguez G\u00f3mez fue la esposa de Carlos P\u00e1ez Vilar\u00f3 y tal vez en su libro &#8220;El rosario de los Andes&#8221; es la mejor cronista de la desesperaci\u00f3n de los familiares que quedaron aguardando en Montevideo cuando el avi\u00f3n Fairchild fue tragado por la cordillera.<\/p>\n\n\n\n<p>Para el a\u00f1o 2009 ya se decide a contar la historia de la tragedia en detalle y a nosotros aqu\u00ed nos interesa particularmente un p\u00e1rrafo:<\/p>\n\n\n\n<blockquote class=\"wp-block-quote\">\n<p>Pasaron 10 d\u00edas y se decidi\u00f3 terminar la b\u00fasqueda.<\/p>\n\n\n\n<p>Ah\u00ed, entramos en absoluta desesperaci\u00f3n \u00bfQue hac\u00edamos?<\/p>\n\n\n\n<p>Los d\u00e1bamos por desaparecidos? \u00a1NUNCA!<\/p>\n\n\n\n<p>Seguiremos buscando hasta el fin de nuestros d\u00edas! Esa era nuestra consigna. Entre tantas cosas, nos reun\u00edamos con mama y mis hijas Ag\u00f3 y Beba, todas las noches a rezar el rosario.<\/p>\n\n\n\n<p>Tambi\u00e9n se un\u00edan a nosotros cualquier amigo que viniera a visitarnos.<\/p>\n\n\n\n<p>De pronto, alguien comenta que el astr\u00f3logo Boris Cristoff podr\u00eda orientarnos. Justamente, estaba en casa de Eduardo Peile y Meme, grandes amigos que no dejaron de acompa\u00f1aros ni un solo d\u00eda.<\/p>\n\n\n\n<p>Ellos conoc\u00edan al astr\u00f3logo, y de inmediato nos fuimos a su casa en Carrasco. De entrada, nos dijo que cambiar\u00edamos nuestras ropas. Mi madre, desde la muerte de mi hermano panchito, se vest\u00eda de negro pero Cristoff nos dijo: <strong><em>&#8220;P\u00f3nganse flores en el pelo, as\u00ed atraen la buena suerte&#8221;<\/em><\/strong>.<\/p>\n\n\n\n<p>Mama tir\u00f3 toda su vestimenta oscura y se puso ropa de color, y todos los amigos que iban a visitarnos, les pon\u00edamos flores en la cabeza. Sin lugar a dudas, todos cre\u00edan que nos hab\u00edamos vuelto locas. jajaja<\/p>\n\n\n\n<p>Cristoff tambi\u00e9n nos aconsejo que consult\u00e1ramos con un parapsic\u00f3logo, nos dio dos nombres. Casualmente ambos viv\u00edan en Holanda: Gerard Croisset y Willhen Tenheeff.<\/p>\n\n\n\n<p>Nos fuimos a casa y tratamos de ponernos en comunicaci\u00f3n con alguno de ellos. Llamamos a al embajada de Holanda para pedir ayuda y nos dijeron que Gerard Croisset habia muerto, pero que estaba su hijo, que tenia los mismos <em>poderes<\/em> que su padre.<\/p>\n\n\n\n<p>Nos fuimos a la embajada a buscar una traductora, no quer\u00edamos perder ni un minuto de tiempo. Eran las 11 de la noche, la traductora era muy eficiente, la trajimos a casa, y aunque en Holanda eran las 4 de la ma\u00f1ana, ella tomo el tel\u00e9fono y decididamente llam\u00f3 a Croisset! , lo despert\u00f3, por supuesto, le dijo: &#8220;Llamamos de Uruguay, de parte de unas madres enloquecidas porque perdieron a sus hijos en un avi\u00f3n militar que iban&#8230;&#8221;<\/p>\n\n\n\n<p>&#8220;No me diga m\u00e1s nada -le contesto Croisset-, Ya s\u00e9 todo!&#8230; El avi\u00f3n es blanco y nunca lo van a encontrar pues se confunde con la nieve, perdi\u00f3 las alas y qued\u00f3 como un gusano. El piloto es gordo y se le nota las venas de la cara, \u00e9l no va piloteando, va el copiloto, el avi\u00f3n qued\u00f3 entre tres lagunas heladas, y una monta\u00f1a atr\u00e1s que siempre tiene una nube encima&#8230;Y&#8230; hay vida y hay muerte. \u00a1Por hoy no les puedo decir mas nada m\u00e1s!<\/p>\n\n\n\n<p>Y as\u00ed termino la conversaci\u00f3n&#8230;<\/p>\n<cite>El rosario de los Andes \/ Madel\u00f3n Rodr\u00edguez G\u00f3mez<\/cite><\/blockquote>\n\n\n\n<p>Ya ve, en primer lugar Boris implementa como primera medida de <em>emergencia<\/em>, su &#8220;Signo precursor de acontecimiento&#8221; y a su vez los orienta hacia Croisset ya que en su arte astral, nada se puede hacer para obtener m\u00e1s informaci\u00f3n.<\/p>\n\n\n\n<p>A\u00f1os m\u00e1s tarde, mientras pude asistir en algunas ocasiones al festejo en su casa de la calle Beyrouth del d\u00eda del astr\u00f3logo, Boris nos comentaba que continuaba realizando puntualmente cada a\u00f1o las revoluciones solares de Carlos P\u00e1ez Vilar\u00f3 y los ecos de estos cuentos de la tragedia se mantuvieron intactos en el tiempo y es lo que humildemente trato de preservar aqu\u00ed en la memoria m\u00e1gica de Montevideo, mientras la historia envejece y sus detalles se deterioran.<\/p>\n\n\n\n<p>Otros relatos y personajes del R\u00edo de la Plata, pasaron por esa casa y si bien mi ruta con el oficio difiere respecto de la amplia repercusi\u00f3n y dimensi\u00f3n de la traves\u00eda de Cristoff, siempre recordar\u00e9 con afecto nuestros breves intercambios.<\/p>\n\n\n\n<p>Ya me tengo que ir de Punta Gorda puesto que el se\u00f1or del Infierno me espera para brindar testimonio de su posible influencia en este juicio, as\u00ed que volver\u00e9 mis pasos hacia las tablas de la matem\u00e1tica celeste.<\/p>\n\n\n\n<p> <\/p>\n\n\n\n<h3 class=\"wp-block-heading\">El signo del vuelo 571<\/h3>\n\n\n\n<p>Veamos qu\u00e9 tiene que decir la memoria de la naturaleza computada por las efem\u00e9rides de Astrodienst AG:<\/p>\n\n\n\n<figure class=\"wp-block-image size-full\"><img data-dominant-color=\"e0e0e0\" data-has-transparency=\"false\" style=\"--dominant-color: #e0e0e0;\" loading=\"lazy\" decoding=\"async\" width=\"765\" height=\"327\" src=\"http:\/\/artagaveytia.com\/web\/wp-content\/uploads\/2024\/01\/eph72-jpg.webp\" alt=\"\" class=\"not-transparent wp-image-2002\" srcset=\"http:\/\/artagaveytia.com\/web\/wp-content\/uploads\/2024\/01\/eph72-jpg.webp 765w, http:\/\/artagaveytia.com\/web\/wp-content\/uploads\/2024\/01\/eph72-300x128.webp 300w, http:\/\/artagaveytia.com\/web\/wp-content\/uploads\/2024\/01\/eph72-500x214.webp 500w\" sizes=\"(max-width: 765px) 100vw, 765px\" \/><\/figure>\n\n\n\n<p>El fat\u00eddico viernes 13 vemos que muchos astros est\u00e1n &#8220;temprano&#8221; en diferentes signos.<\/p>\n\n\n\n<p>Especialmente llama mi atenci\u00f3n Plut\u00f3n.<\/p>\n\n\n\n<p>Usted ver\u00e1, las sociedades son asuntos de los signos de aire.<\/p>\n\n\n\n<p>Y Plut\u00f3n, nuestro diablo; por esos d\u00edas, ya se cuela en Libra.<\/p>\n\n\n\n<p>Los sobrevivientes contar\u00e1n luego que la cordillera <em>oblig\u00f3<\/em> a la sociedad de la nieve.<\/p>\n\n\n\n<p>Los forz\u00f3 a construir una nueva civilizaci\u00f3n; totalmente extra\u00f1a a las comodidades, convenciones y creencias para fundar un nuevo misticismo y focalizarse en lo l\u00e1bil del ser humano, a\u00fan teniendo que alimentarse de sus compa\u00f1eros, rompiendo todos los l\u00edmites y; sin embargo, siendo m\u00e1s humanos y solidarios que nunca.<\/p>\n\n\n\n<p>La historia de la mano del cine, ahora recorre el mundo y se transmite a millones de personas.<\/p>\n\n\n\n<p>Claro, Plut\u00f3n en estos d\u00edas est\u00e1 volviendo a un signo de aire (Acuario); as\u00ed que encuentro l\u00f3gico que cuando sal\u00ed de verla en pantalla grande, ninguno de los espectadores de una sala abarrotada, hiciera alg\u00fan comentario, silbara o aplaudiera. Fue todo en silencio.<\/p>\n\n\n\n<p>All\u00ed record\u00e9 a Boris Cristoff en lo que me pareci\u00f3 un verdadero signo precursor de acontecimiento:<\/p>\n\n\n\n<p>Ninguno de los que vi salir, revis\u00f3 al menos mientras los tuve a la vista, sus dispositivos electr\u00f3nicos; se fueron caminando con alg\u00fan di\u00e1logo y nada m\u00e1s.<\/p>\n\n\n\n<p>\u00bfSer\u00e1 que Plut\u00f3n ahora en Acuario nos invitar\u00e1 a retornar a cada uno de nosotros a nuestra cordillera, sin otro recurso que nosotros mismos?<\/p>\n\n\n\n<hr class=\"wp-block-separator has-alpha-channel-opacity\"\/>\n\n\n\n<p>Si le ha resultado interesante este art\u00edculo, aguardo sus comentarios m\u00e1s abajo en esta entrada, o puede utilizar el formulario de email disponible en la pesta\u00f1a: <a href=\"http:\/\/artagaveytia.com\/web\/contacto\/\" data-type=\"page\" data-id=\"8\">Contacto<\/a><\/p>\n\n\n\n<p> <\/p>\n","protected":false},"excerpt":{"rendered":"<p>Este art\u00edculo titulado &#8220;El signo del vuelo 571&#8221;, es un breve testimonio de los vericuetos astrol\u00f3gicos que sucedieron en mi pa\u00eds, alrededor de la denominada: &#8220;Tragedia de los Andes&#8221;. Est\u00e1 orientado a personas con inter\u00e9s por la disciplina y que posiblemente no tengan noticia del protagonismo de Boris Cristoff en los d\u00edas posteriores a la [&hellip;]<\/p>\n","protected":false},"author":1,"featured_media":2008,"comment_status":"open","ping_status":"open","sticky":false,"template":"","format":"standard","meta":{"_eb_attr":"","footnotes":"","_joinchat":[]},"categories":[1],"tags":[],"_links":{"self":[{"href":"http:\/\/artagaveytia.com\/web\/wp-json\/wp\/v2\/posts\/1986"}],"collection":[{"href":"http:\/\/artagaveytia.com\/web\/wp-json\/wp\/v2\/posts"}],"about":[{"href":"http:\/\/artagaveytia.com\/web\/wp-json\/wp\/v2\/types\/post"}],"author":[{"embeddable":true,"href":"http:\/\/artagaveytia.com\/web\/wp-json\/wp\/v2\/users\/1"}],"replies":[{"embeddable":true,"href":"http:\/\/artagaveytia.com\/web\/wp-json\/wp\/v2\/comments?post=1986"}],"version-history":[{"count":35,"href":"http:\/\/artagaveytia.com\/web\/wp-json\/wp\/v2\/posts\/1986\/revisions"}],"predecessor-version":[{"id":2027,"href":"http:\/\/artagaveytia.com\/web\/wp-json\/wp\/v2\/posts\/1986\/revisions\/2027"}],"wp:featuredmedia":[{"embeddable":true,"href":"http:\/\/artagaveytia.com\/web\/wp-json\/wp\/v2\/media\/2008"}],"wp:attachment":[{"href":"http:\/\/artagaveytia.com\/web\/wp-json\/wp\/v2\/media?parent=1986"}],"wp:term":[{"taxonomy":"category","embeddable":true,"href":"http:\/\/artagaveytia.com\/web\/wp-json\/wp\/v2\/categories?post=1986"},{"taxonomy":"post_tag","embeddable":true,"href":"http:\/\/artagaveytia.com\/web\/wp-json\/wp\/v2\/tags?post=1986"}],"curies":[{"name":"wp","href":"https:\/\/api.w.org\/{rel}","templated":true}]}}